{"id":531,"date":"2019-04-02T10:29:03","date_gmt":"2019-04-02T10:29:03","guid":{"rendered":"https:\/\/cantres.live-website.com\/prueba\/?p=531"},"modified":"2019-04-02T12:42:23","modified_gmt":"2019-04-02T12:42:23","slug":"10-planes-que-no-puedes-perderte-en-formentera","status":"publish","type":"post","link":"https:\/\/cantresformentera.com\/es\/10-planes-que-no-puedes-perderte-en-formentera\/","title":{"rendered":"10 PLANES QUE NO PUEDES PERDERTE EN FORMENTERA"},"content":{"rendered":"<h5>1. PASEO POR LA PLAYA DE MIGJORN<\/h5>\n<p><img loading=\"lazy\" decoding=\"async\" class=\"aligncenter size-full wp-image-435\" src=\"https:\/\/cantresformentera.com\/wp-content\/uploads\/2018\/11\/bluebar-formentera-area-10.jpg\" alt=\"\" width=\"964\" height=\"600\" \/><\/p>\n<h5 class=\"blog\">Todas las playas de <strong>Formentera<\/strong> son incre\u00edbles, y Migjorn no os decepcionar\u00e1, lugar donde se encuentra Can Tres <strong>Formentera<\/strong>. Al ser una de las playas m\u00e1s largas de la isla es f\u00e1cil encontrar un hueco para vosotros solos. Arena blanca y aguas cristalinas. Mucha tranquilidad. Es la parte mas aut\u00e9ntica de la isla.<\/h5>\n<h5>2. VER EL ATARDECER EN EL PIRATA BUS<\/h5>\n<p><img loading=\"lazy\" decoding=\"async\" class=\"aligncenter size-full wp-image-435\" src=\"https:\/\/cantresformentera.com\/wp-content\/uploads\/2018\/11\/el-pirata-bus.jpg\" alt=\"\" width=\"964\" height=\"600\" \/><\/p>\n<h5 class=\"blog\">Un Kiosko autentico, situado en las rocas de Migjorn, fuera de lujos y postureos, un mojito incre\u00edble y una compa\u00f1\u00eda inmejorable con un atardecer de ensue\u00f1o. Perfecto para ir en pareja o con amigos, <a href=\"http:\/\/piratabus.com\/\">Pirata Bus<\/a>\u00a0 uno de los mejores chiringuitos de la isla de <strong>Formentera<\/strong>, en la playa de Migjorn<\/h5>\n<p>&nbsp;<\/p>\n<h5>3. RECORRER FORMENTERA EN UN MEHARI<\/h5>\n<p><img loading=\"lazy\" decoding=\"async\" class=\"aligncenter size-full wp-image-435\" src=\"https:\/\/cantresformentera.com\/wp-content\/uploads\/2018\/11\/El-Mehari-de-coche-chatarra-a-nuevo-icono-de-postureo-en-Formentera-768x512.jpg\" width=\"964\" height=\"600\" \/><\/p>\n<h5 class=\"blog\">Hay muchas formas de moverse en <strong>Formentera<\/strong>, motos, coches, quads, bicis,y todas ser\u00e1n divertidas y \u00fanicas pero una que jamas olvidareis, subiros a un <strong>Mehari<\/strong> y recorrer la isla de lado a lado, de playa en playa. Si quer\u00e9is alquilar un <strong>Mehari<\/strong> pod\u00e9is hacerlo haciendo <a href=\"http:\/\/www.formotor.com\"><strong><em>click aqu\u00ed<\/em><\/strong><\/a>. Con el c\u00f3digo <strong>CAN TRES<\/strong> tendr\u00e9is un descuento.<\/h5>\n<h5>4. DISFRUTAR DE LAS VISTAS DEL CAMINO ROMANO DE SA PUJADA<\/h5>\n<p><img loading=\"lazy\" decoding=\"async\" class=\"aligncenter size-full wp-image-435\" src=\"https:\/\/cantresformentera.com\/wp-content\/uploads\/2018\/11\/IBIZASTYLE_SAPUJADA-002.jpg\" width=\"964\" height=\"600\" \/><\/p>\n<h5 class=\"blog\">\u00bfHab\u00e9is llevado zapatillas de deporte? Haced el recorrido del camino de Sa pujada. Tendr\u00e9is aproximadamente un hora ( ida y vuelta ), donde tendr\u00e9is vistas que quitan el hipo durante casi todo el camino. El camino recorre la costa desde el mirador de la subida de la mola y Es cal\u00f3, puedes ven este <strong><a href=\"https:\/\/www.google.es\/maps\/place\/Cam%C3%AD+de+Sa+pujada\/@38.6707837,1.5251623,15.85z\/data=!4m5!3m4!1s0x129961fbc9f99b43:0xb866ddab7ab4eb22!8m2!3d38.6713079!4d1.5288234\">enlace<\/a><\/strong> la ruta exacta.<\/h5>\n<h5>5. VISITAR LOS FAROS DE FORMENTERA<\/h5>\n<p><img loading=\"lazy\" decoding=\"async\" class=\"aligncenter size-full wp-image-435\" src=\"https:\/\/cantresformentera.com\/wp-content\/uploads\/2018\/11\/cap-de-barbaria3.jpg\" width=\"964\" height=\"600\" \/><\/p>\n<h5 class=\"blog\">Formentera tienes 3 faros, L<strong>a Savina, Pilar de la Mola y Cap de Barbaria<\/strong>, sin embargo el mas famoso e impresionante es el Faro de Cap de Barbaria, id si es posible durante el atardecer, es uno de los atardeceres mas impresionantes de <strong>Formentera<\/strong>. En el Cap de Barbaria hay una peque\u00f1a cueva a 50 metros que merece la pena entrar (hay una escalera para entrar ).<\/h5>\n<h5>6. EXCURSION A LA ISLA DE S\u00b4ESPALMADOR<\/h5>\n<p><img loading=\"lazy\" decoding=\"async\" class=\"aligncenter size-full wp-image-435\" src=\"https:\/\/cantresformentera.com\/wp-content\/uploads\/2018\/11\/image.jpeg\" width=\"964\" height=\"600\" \/><\/p>\n<h5 class=\"blog\">La isla de S`Espalmador esta justo a continuaci\u00f3n de la playa de Illetes, casi est\u00e1n conectadas pero les separa un peque\u00f1o canal de 50 metros de distancia y medio metro de profundidad (puedes cruzar sin nadar). Otra forma de ir es desde la Savina , se realizan tres viajes diarios en la embarcaci\u00f3n Bah\u00eda , mas informaci\u00f3n haz <a href=\"http:\/\/www.restauranteesministre.com\/formentera\/barca-bahia\/\">click aqu\u00ed<\/a>. S\u00b4Espalmador es muy conocida tambi\u00e9n por sus barros y sus playas des\u00e9rticas de arena blanca y agua turquesa.<\/h5>\n<ul>\n<li>Salidas desde la Savina : 10:15, 11:15, 13:45.<\/li>\n<li>Regreso desde S\u00b4Espalmador : 16:15, 17:30 , 18:45.<\/li>\n<li>Precio Ida y Vuelta : 22,50 Euros<\/li>\n<\/ul>\n<h5>7. COMER EN ES CAL\u00d3 VIENDO EL MAR<\/h5>\n<p><img loading=\"lazy\" decoding=\"async\" class=\"aligncenter size-full wp-image-435\" src=\"https:\/\/cantresformentera.com\/wp-content\/uploads\/2018\/11\/8.jpg\" width=\"964\" height=\"600\" \/><\/p>\n<h5 class=\"blog\">Pasad la ma\u00f1ana en el pueblo pesquero de <strong>Es Cal\u00f3<\/strong>, pintoresco y tradicional. Tiene tres peque\u00f1as calas con aguas turquesas con mucho encanto. En fechas de verano es recomendable reservar con antelaci\u00f3n en el Restaurante <strong>Es Cal\u00f3<\/strong> , un restaurante tradicional donde puedes comer desde una paella de marisco hasta un pescado fresco del d\u00eda.<\/h5>\n<ul class=\"blog\">\n<li>Precio medio : 50 euros \/ persona.<\/li>\n<li>Reservas : +0034 971 32 73 11<\/li>\n<li>Web: : <a href=\"http:\/\/www.restauranteescalo.com\">www.restauranteescalo.com<\/a><\/li>\n<\/ul>\n<h5>8. ALQUILAR UNA BICICLETA Y VER LAS SALINAS<\/h5>\n<p><img loading=\"lazy\" decoding=\"async\" class=\"aligncenter size-full wp-image-435\" src=\"https:\/\/cantresformentera.com\/wp-content\/uploads\/2018\/11\/maxresdefault.jpg\" width=\"964\" height=\"600\" \/><\/p>\n<h5 class=\"blog\">Alquilar una bicicleta no es el transporte ideal para recorrer toda las isla, sobretodo en la \u00e9poca de verano. Sin embargo es perfecta para ir a conocer algunas zonas de <strong>Formentera<\/strong>. Formentera tiene 19 rutas verde para ir en Bici pero nosotros siempre recomendamos recorrer <strong>illetas<\/strong>, las salinas y terminar en <strong>Es Pujols<\/strong>. Es un paseo que desde<strong> la<\/strong> <strong>Savina<\/strong> son aproximadamente 7-8 kms. Si quieres alquilar una bici haz <a href=\"http:\/\/www.formotor.com\">clic aqui<\/a><\/h5>\n<h5>9. HACER SNORKEL EN ES CALO DES MORT<\/h5>\n<p><img loading=\"lazy\" decoding=\"async\" class=\"aligncenter size-full wp-image-435\" src=\"https:\/\/cantresformentera.com\/wp-content\/uploads\/2018\/11\/calo-des-morts_2.jpg\" width=\"964\" height=\"600\" \/><\/p>\n<h5 class=\"blog\">Se encuentra en la reserva natural de la Mola, tiene un acceso un poco mas complicado por caminos de tierra pero merece mucho la pena. Es una peque\u00f1a cala super resguardada con un ambiente rocoso. Te recomendamos ir por la ma\u00f1ana para disfrutar del agua mas tranquila y tambi\u00e9n para poder disfrutar de este para\u00edso de una forma mas intima. Si quieres hacer snorkel lo mejor es ir a la zona de Es Ram, al este de Es Calo Des Mort. Este plan no os defraudar\u00e1.<\/h5>\n<h5>10. VISITAR EL MERCADILLO HIPPY EN LA MOLA<\/h5>\n<p><img loading=\"lazy\" decoding=\"async\" class=\"aligncenter size-full wp-image-435\" src=\"https:\/\/cantresformentera.com\/wp-content\/uploads\/2018\/11\/Mercat_Hippie_Mola-2.jpg\" width=\"964\" height=\"600\" \/><\/p>\n<h5 class=\"blog\">Si vienes a Formentera tienes que visitar el <strong>Mercadillo artesanal de la Mola<\/strong>. Se inaugur\u00f3 en 1984 y todav\u00eda conserva el esp\u00edritu hippie de los a\u00f1os 70.Es un punto de encuentro de los mejores artesanos de la isla donde podr\u00e1s encontrar productos de gran calidad y dise\u00f1o original hechos de manera artesanal con materiales como plata, vidrio, cer\u00e1mica, piedras o conchas.<\/h5>\n<ul class=\"blog\">\n<li>Cuando : De Mayo a Octubre todos los Mi\u00e9rcoles y Domingo de 16h a 22h..<\/li>\n<li>D\u00f3nde : En la avenida principal del Pilar de la Mola. <a href=\"https:\/\/www.google.es\/maps\/place\/mercadillo+de+la+mola\/@38.6692634,1.5530086,17z\/data=!3m1!4b1!4m5!3m4!1s0x1299604c042e1efd:0x84d5e05c7997f007!8m2!3d38.6692634!4d1.5551973\">Ver Ubicaci\u00f3n<\/a><\/li>\n<\/ul>\n<h5><a href=\"https:\/\/cantresformentera.com\/es\/la-guia-de-formentera\/\">VOLVER AL BLOG<\/a><\/h5>\n","protected":false},"excerpt":{"rendered":"<p>1. PASEO POR LA PLAYA DE MIGJORN Todas las playas de Formentera son incre\u00edbles, y Migjorn no os decepcionar\u00e1, lugar donde se encuentra Can Tres Formentera. Al ser una de las playas m\u00e1s largas de la isla es f\u00e1cil encontrar un hueco para vosotros solos. Arena blanca y aguas cristalinas. Mucha tranquilidad. Es la parte [&hellip;]<\/p>\n","protected":false},"author":1,"featured_media":1983,"comment_status":"closed","ping_status":"open","sticky":false,"template":"","format":"standard","meta":{"_acf_changed":false,"footnotes":""},"categories":[54,55,56],"tags":[53],"class_list":["post-531","post","type-post","status-publish","format-standard","has-post-thumbnail","hentry","category-playas-es","category-gastronomia-es","category-planes-es","tag-destacada"],"acf":[],"yoast_head":"<!-- This site is optimized with the Yoast SEO plugin v27.5 - https:\/\/yoast.com\/product\/yoast-seo-wordpress\/ -->\n<title>10 PLANES QUE NO PUEDES PERDERTE EN FORMENTERA - Can Tres<\/title>\n<meta name=\"description\" content=\"Hemos seleccionado 10 planes en Formentera que no puedes perderte. Desde un plan de bici hasta ver el atarceder en el Faro de Cap de Barbaria\" \/>\n<meta name=\"robots\" content=\"index, follow, max-snippet:-1, max-image-preview:large, max-video-preview:-1\" \/>\n<link rel=\"canonical\" href=\"https:\/\/cantresformentera.com\/es\/10-planes-que-no-puedes-perderte-en-formentera\/\" \/>\n<meta property=\"og:locale\" content=\"es_ES\" \/>\n<meta property=\"og:type\" content=\"article\" \/>\n<meta property=\"og:title\" content=\"10 PLANES QUE NO PUEDES PERDERTE EN FORMENTERA - Can Tres\" \/>\n<meta property=\"og:description\" content=\"Hemos seleccionado 10 planes en Formentera que no puedes perderte. Desde un plan de bici hasta ver el atarceder en el Faro de Cap de Barbaria\" \/>\n<meta property=\"og:url\" content=\"https:\/\/cantresformentera.com\/es\/10-planes-que-no-puedes-perderte-en-formentera\/\" \/>\n<meta property=\"og:site_name\" content=\"Can Tres\" \/>\n<meta property=\"article:published_time\" content=\"2019-04-02T10:29:03+00:00\" \/>\n<meta property=\"article:modified_time\" content=\"2019-04-02T12:42:23+00:00\" \/>\n<meta property=\"og:image\" content=\"https:\/\/cantresformentera.com\/wp-content\/uploads\/2018\/11\/fotoBlog1-1.png\" \/>\n\t<meta property=\"og:image:width\" content=\"960\" \/>\n\t<meta property=\"og:image:height\" content=\"720\" \/>\n\t<meta property=\"og:image:type\" content=\"image\/png\" \/>\n<meta name=\"author\" content=\"gilas\" \/>\n<meta name=\"twitter:card\" content=\"summary_large_image\" \/>\n<meta name=\"twitter:label1\" content=\"Escrito por\" \/>\n\t<meta name=\"twitter:data1\" content=\"gilas\" \/>\n\t<meta name=\"twitter:label2\" content=\"Tiempo de lectura\" \/>\n\t<meta name=\"twitter:data2\" content=\"4 minutos\" \/>\n<script type=\"application\/ld+json\" class=\"yoast-schema-graph\">{\"@context\":\"https:\\\/\\\/schema.org\",\"@graph\":[{\"@type\":\"Article\",\"@id\":\"https:\\\/\\\/cantresformentera.com\\\/es\\\/10-planes-que-no-puedes-perderte-en-formentera\\\/#article\",\"isPartOf\":{\"@id\":\"https:\\\/\\\/cantresformentera.com\\\/es\\\/10-planes-que-no-puedes-perderte-en-formentera\\\/\"},\"author\":{\"name\":\"gilas\",\"@id\":\"https:\\\/\\\/cantresformentera.com\\\/#\\\/schema\\\/person\\\/c260dad95192c5dda3c5ec800348fba7\"},\"headline\":\"10 PLANES QUE NO PUEDES PERDERTE EN FORMENTERA\",\"datePublished\":\"2019-04-02T10:29:03+00:00\",\"dateModified\":\"2019-04-02T12:42:23+00:00\",\"mainEntityOfPage\":{\"@id\":\"https:\\\/\\\/cantresformentera.com\\\/es\\\/10-planes-que-no-puedes-perderte-en-formentera\\\/\"},\"wordCount\":796,\"publisher\":{\"@id\":\"https:\\\/\\\/cantresformentera.com\\\/#organization\"},\"image\":{\"@id\":\"https:\\\/\\\/cantresformentera.com\\\/es\\\/10-planes-que-no-puedes-perderte-en-formentera\\\/#primaryimage\"},\"thumbnailUrl\":\"https:\\\/\\\/cantresformentera.com\\\/wp-content\\\/uploads\\\/2018\\\/11\\\/fotoBlog1-1.png\",\"keywords\":[\"destacada\"],\"articleSection\":[\"Playas\",\"Gastronomia\",\"Planes\"],\"inLanguage\":\"es\"},{\"@type\":\"WebPage\",\"@id\":\"https:\\\/\\\/cantresformentera.com\\\/es\\\/10-planes-que-no-puedes-perderte-en-formentera\\\/\",\"url\":\"https:\\\/\\\/cantresformentera.com\\\/es\\\/10-planes-que-no-puedes-perderte-en-formentera\\\/\",\"name\":\"10 PLANES QUE NO PUEDES PERDERTE EN FORMENTERA - Can Tres\",\"isPartOf\":{\"@id\":\"https:\\\/\\\/cantresformentera.com\\\/#website\"},\"primaryImageOfPage\":{\"@id\":\"https:\\\/\\\/cantresformentera.com\\\/es\\\/10-planes-que-no-puedes-perderte-en-formentera\\\/#primaryimage\"},\"image\":{\"@id\":\"https:\\\/\\\/cantresformentera.com\\\/es\\\/10-planes-que-no-puedes-perderte-en-formentera\\\/#primaryimage\"},\"thumbnailUrl\":\"https:\\\/\\\/cantresformentera.com\\\/wp-content\\\/uploads\\\/2018\\\/11\\\/fotoBlog1-1.png\",\"datePublished\":\"2019-04-02T10:29:03+00:00\",\"dateModified\":\"2019-04-02T12:42:23+00:00\",\"description\":\"Hemos seleccionado 10 planes en Formentera que no puedes perderte. Desde un plan de bici hasta ver el atarceder en el Faro de Cap de Barbaria\",\"breadcrumb\":{\"@id\":\"https:\\\/\\\/cantresformentera.com\\\/es\\\/10-planes-que-no-puedes-perderte-en-formentera\\\/#breadcrumb\"},\"inLanguage\":\"es\",\"potentialAction\":[{\"@type\":\"ReadAction\",\"target\":[\"https:\\\/\\\/cantresformentera.com\\\/es\\\/10-planes-que-no-puedes-perderte-en-formentera\\\/\"]}]},{\"@type\":\"ImageObject\",\"inLanguage\":\"es\",\"@id\":\"https:\\\/\\\/cantresformentera.com\\\/es\\\/10-planes-que-no-puedes-perderte-en-formentera\\\/#primaryimage\",\"url\":\"https:\\\/\\\/cantresformentera.com\\\/wp-content\\\/uploads\\\/2018\\\/11\\\/fotoBlog1-1.png\",\"contentUrl\":\"https:\\\/\\\/cantresformentera.com\\\/wp-content\\\/uploads\\\/2018\\\/11\\\/fotoBlog1-1.png\",\"width\":960,\"height\":720},{\"@type\":\"BreadcrumbList\",\"@id\":\"https:\\\/\\\/cantresformentera.com\\\/es\\\/10-planes-que-no-puedes-perderte-en-formentera\\\/#breadcrumb\",\"itemListElement\":[{\"@type\":\"ListItem\",\"position\":1,\"name\":\"Home\",\"item\":\"https:\\\/\\\/cantresformentera.com\\\/es\\\/\"},{\"@type\":\"ListItem\",\"position\":2,\"name\":\"10 PLANES QUE NO PUEDES PERDERTE EN FORMENTERA\"}]},{\"@type\":\"WebSite\",\"@id\":\"https:\\\/\\\/cantresformentera.com\\\/#website\",\"url\":\"https:\\\/\\\/cantresformentera.com\\\/\",\"name\":\"Can Tres Formentera\",\"description\":\"Unique Formentera Experience\",\"publisher\":{\"@id\":\"https:\\\/\\\/cantresformentera.com\\\/#organization\"},\"alternateName\":\"Can Tres\",\"potentialAction\":[{\"@type\":\"SearchAction\",\"target\":{\"@type\":\"EntryPoint\",\"urlTemplate\":\"https:\\\/\\\/cantresformentera.com\\\/?s={search_term_string}\"},\"query-input\":{\"@type\":\"PropertyValueSpecification\",\"valueRequired\":true,\"valueName\":\"search_term_string\"}}],\"inLanguage\":\"es\"},{\"@type\":\"Organization\",\"@id\":\"https:\\\/\\\/cantresformentera.com\\\/#organization\",\"name\":\"Can Tres Formentera\",\"alternateName\":\"Can Tres\",\"url\":\"https:\\\/\\\/cantresformentera.com\\\/\",\"logo\":{\"@type\":\"ImageObject\",\"inLanguage\":\"es\",\"@id\":\"https:\\\/\\\/cantresformentera.com\\\/#\\\/schema\\\/logo\\\/image\\\/\",\"url\":\"https:\\\/\\\/cantresformentera.com\\\/wp-content\\\/uploads\\\/2018\\\/02\\\/cropped-favicon-1.png\",\"contentUrl\":\"https:\\\/\\\/cantresformentera.com\\\/wp-content\\\/uploads\\\/2018\\\/02\\\/cropped-favicon-1.png\",\"width\":512,\"height\":512,\"caption\":\"Can Tres Formentera\"},\"image\":{\"@id\":\"https:\\\/\\\/cantresformentera.com\\\/#\\\/schema\\\/logo\\\/image\\\/\"}},{\"@type\":\"Person\",\"@id\":\"https:\\\/\\\/cantresformentera.com\\\/#\\\/schema\\\/person\\\/c260dad95192c5dda3c5ec800348fba7\",\"name\":\"gilas\",\"image\":{\"@type\":\"ImageObject\",\"inLanguage\":\"es\",\"@id\":\"https:\\\/\\\/cantresformentera.com\\\/wp-content\\\/uploads\\\/2017\\\/12\\\/favicon-150x150.png\",\"url\":\"https:\\\/\\\/cantresformentera.com\\\/wp-content\\\/uploads\\\/2017\\\/12\\\/favicon-150x150.png\",\"contentUrl\":\"https:\\\/\\\/cantresformentera.com\\\/wp-content\\\/uploads\\\/2017\\\/12\\\/favicon-150x150.png\",\"caption\":\"gilas\"}}]}<\/script>\n<!-- \/ Yoast SEO plugin. -->","yoast_head_json":{"title":"10 PLANES QUE NO PUEDES PERDERTE EN FORMENTERA - Can Tres","description":"Hemos seleccionado 10 planes en Formentera que no puedes perderte. Desde un plan de bici hasta ver el atarceder en el Faro de Cap de Barbaria","robots":{"index":"index","follow":"follow","max-snippet":"max-snippet:-1","max-image-preview":"max-image-preview:large","max-video-preview":"max-video-preview:-1"},"canonical":"https:\/\/cantresformentera.com\/es\/10-planes-que-no-puedes-perderte-en-formentera\/","og_locale":"es_ES","og_type":"article","og_title":"10 PLANES QUE NO PUEDES PERDERTE EN FORMENTERA - Can Tres","og_description":"Hemos seleccionado 10 planes en Formentera que no puedes perderte. Desde un plan de bici hasta ver el atarceder en el Faro de Cap de Barbaria","og_url":"https:\/\/cantresformentera.com\/es\/10-planes-que-no-puedes-perderte-en-formentera\/","og_site_name":"Can Tres","article_published_time":"2019-04-02T10:29:03+00:00","article_modified_time":"2019-04-02T12:42:23+00:00","og_image":[{"width":960,"height":720,"url":"https:\/\/cantresformentera.com\/wp-content\/uploads\/2018\/11\/fotoBlog1-1.png","type":"image\/png"}],"author":"gilas","twitter_card":"summary_large_image","twitter_misc":{"Escrito por":"gilas","Tiempo de lectura":"4 minutos"},"schema":{"@context":"https:\/\/schema.org","@graph":[{"@type":"Article","@id":"https:\/\/cantresformentera.com\/es\/10-planes-que-no-puedes-perderte-en-formentera\/#article","isPartOf":{"@id":"https:\/\/cantresformentera.com\/es\/10-planes-que-no-puedes-perderte-en-formentera\/"},"author":{"name":"gilas","@id":"https:\/\/cantresformentera.com\/#\/schema\/person\/c260dad95192c5dda3c5ec800348fba7"},"headline":"10 PLANES QUE NO PUEDES PERDERTE EN FORMENTERA","datePublished":"2019-04-02T10:29:03+00:00","dateModified":"2019-04-02T12:42:23+00:00","mainEntityOfPage":{"@id":"https:\/\/cantresformentera.com\/es\/10-planes-que-no-puedes-perderte-en-formentera\/"},"wordCount":796,"publisher":{"@id":"https:\/\/cantresformentera.com\/#organization"},"image":{"@id":"https:\/\/cantresformentera.com\/es\/10-planes-que-no-puedes-perderte-en-formentera\/#primaryimage"},"thumbnailUrl":"https:\/\/cantresformentera.com\/wp-content\/uploads\/2018\/11\/fotoBlog1-1.png","keywords":["destacada"],"articleSection":["Playas","Gastronomia","Planes"],"inLanguage":"es"},{"@type":"WebPage","@id":"https:\/\/cantresformentera.com\/es\/10-planes-que-no-puedes-perderte-en-formentera\/","url":"https:\/\/cantresformentera.com\/es\/10-planes-que-no-puedes-perderte-en-formentera\/","name":"10 PLANES QUE NO PUEDES PERDERTE EN FORMENTERA - Can Tres","isPartOf":{"@id":"https:\/\/cantresformentera.com\/#website"},"primaryImageOfPage":{"@id":"https:\/\/cantresformentera.com\/es\/10-planes-que-no-puedes-perderte-en-formentera\/#primaryimage"},"image":{"@id":"https:\/\/cantresformentera.com\/es\/10-planes-que-no-puedes-perderte-en-formentera\/#primaryimage"},"thumbnailUrl":"https:\/\/cantresformentera.com\/wp-content\/uploads\/2018\/11\/fotoBlog1-1.png","datePublished":"2019-04-02T10:29:03+00:00","dateModified":"2019-04-02T12:42:23+00:00","description":"Hemos seleccionado 10 planes en Formentera que no puedes perderte. Desde un plan de bici hasta ver el atarceder en el Faro de Cap de Barbaria","breadcrumb":{"@id":"https:\/\/cantresformentera.com\/es\/10-planes-que-no-puedes-perderte-en-formentera\/#breadcrumb"},"inLanguage":"es","potentialAction":[{"@type":"ReadAction","target":["https:\/\/cantresformentera.com\/es\/10-planes-que-no-puedes-perderte-en-formentera\/"]}]},{"@type":"ImageObject","inLanguage":"es","@id":"https:\/\/cantresformentera.com\/es\/10-planes-que-no-puedes-perderte-en-formentera\/#primaryimage","url":"https:\/\/cantresformentera.com\/wp-content\/uploads\/2018\/11\/fotoBlog1-1.png","contentUrl":"https:\/\/cantresformentera.com\/wp-content\/uploads\/2018\/11\/fotoBlog1-1.png","width":960,"height":720},{"@type":"BreadcrumbList","@id":"https:\/\/cantresformentera.com\/es\/10-planes-que-no-puedes-perderte-en-formentera\/#breadcrumb","itemListElement":[{"@type":"ListItem","position":1,"name":"Home","item":"https:\/\/cantresformentera.com\/es\/"},{"@type":"ListItem","position":2,"name":"10 PLANES QUE NO PUEDES PERDERTE EN FORMENTERA"}]},{"@type":"WebSite","@id":"https:\/\/cantresformentera.com\/#website","url":"https:\/\/cantresformentera.com\/","name":"Can Tres Formentera","description":"Unique Formentera Experience","publisher":{"@id":"https:\/\/cantresformentera.com\/#organization"},"alternateName":"Can Tres","potentialAction":[{"@type":"SearchAction","target":{"@type":"EntryPoint","urlTemplate":"https:\/\/cantresformentera.com\/?s={search_term_string}"},"query-input":{"@type":"PropertyValueSpecification","valueRequired":true,"valueName":"search_term_string"}}],"inLanguage":"es"},{"@type":"Organization","@id":"https:\/\/cantresformentera.com\/#organization","name":"Can Tres Formentera","alternateName":"Can Tres","url":"https:\/\/cantresformentera.com\/","logo":{"@type":"ImageObject","inLanguage":"es","@id":"https:\/\/cantresformentera.com\/#\/schema\/logo\/image\/","url":"https:\/\/cantresformentera.com\/wp-content\/uploads\/2018\/02\/cropped-favicon-1.png","contentUrl":"https:\/\/cantresformentera.com\/wp-content\/uploads\/2018\/02\/cropped-favicon-1.png","width":512,"height":512,"caption":"Can Tres Formentera"},"image":{"@id":"https:\/\/cantresformentera.com\/#\/schema\/logo\/image\/"}},{"@type":"Person","@id":"https:\/\/cantresformentera.com\/#\/schema\/person\/c260dad95192c5dda3c5ec800348fba7","name":"gilas","image":{"@type":"ImageObject","inLanguage":"es","@id":"https:\/\/cantresformentera.com\/wp-content\/uploads\/2017\/12\/favicon-150x150.png","url":"https:\/\/cantresformentera.com\/wp-content\/uploads\/2017\/12\/favicon-150x150.png","contentUrl":"https:\/\/cantresformentera.com\/wp-content\/uploads\/2017\/12\/favicon-150x150.png","caption":"gilas"}}]}},"_links":{"self":[{"href":"https:\/\/cantresformentera.com\/es\/wp-json\/wp\/v2\/posts\/531","targetHints":{"allow":["GET"]}}],"collection":[{"href":"https:\/\/cantresformentera.com\/es\/wp-json\/wp\/v2\/posts"}],"about":[{"href":"https:\/\/cantresformentera.com\/es\/wp-json\/wp\/v2\/types\/post"}],"author":[{"embeddable":true,"href":"https:\/\/cantresformentera.com\/es\/wp-json\/wp\/v2\/users\/1"}],"replies":[{"embeddable":true,"href":"https:\/\/cantresformentera.com\/es\/wp-json\/wp\/v2\/comments?post=531"}],"version-history":[{"count":29,"href":"https:\/\/cantresformentera.com\/es\/wp-json\/wp\/v2\/posts\/531\/revisions"}],"predecessor-version":[{"id":1996,"href":"https:\/\/cantresformentera.com\/es\/wp-json\/wp\/v2\/posts\/531\/revisions\/1996"}],"wp:featuredmedia":[{"embeddable":true,"href":"https:\/\/cantresformentera.com\/es\/wp-json\/wp\/v2\/media\/1983"}],"wp:attachment":[{"href":"https:\/\/cantresformentera.com\/es\/wp-json\/wp\/v2\/media?parent=531"}],"wp:term":[{"taxonomy":"category","embeddable":true,"href":"https:\/\/cantresformentera.com\/es\/wp-json\/wp\/v2\/categories?post=531"},{"taxonomy":"post_tag","embeddable":true,"href":"https:\/\/cantresformentera.com\/es\/wp-json\/wp\/v2\/tags?post=531"}],"curies":[{"name":"wp","href":"https:\/\/api.w.org\/{rel}","templated":true}]}}