{"id":2707,"date":"2020-09-09T10:54:56","date_gmt":"2020-09-09T10:54:56","guid":{"rendered":"https:\/\/cantres.live-website.com\/planes-en-formentera-en-octubre-y-septiembre\/"},"modified":"2020-09-10T11:06:56","modified_gmt":"2020-09-10T11:06:56","slug":"planes-en-formentera-en-octubre-y-septiembre","status":"publish","type":"post","link":"https:\/\/cantresformentera.com\/es\/planes-en-formentera-en-octubre-y-septiembre\/","title":{"rendered":"PLANES EN FORMENTERA EN SEPTIEMBRE Y OCTUBRE"},"content":{"rendered":"<h5 class=\"blog\">Formentera es un para\u00edso. Sin embargo, siempre decimos que var\u00eda mucho seg\u00fan el mes del a\u00f1o en que lo visites. Septiembre y Octubre son meses m\u00e1gicos en Formentera. Se convierte en una isla tranquila, relajante, libre.<\/h5>\n<h5>Este a\u00f1o ha sido un a\u00f1o extra\u00f1o para todos y por ello nos hemos decidido a escribir esta gu\u00eda. Para darle un toque especial a estos \u00faltimos meses del a\u00f1o y que permitan, en la medida de lo posible, que nos quedemos con mejor sabor de boca.<\/h5>\n<h3 style=\"text-align: center;\">Una Isla, 69km por delante y muy disponible ( por mar y tierra )<\/h3>\n<h5 style=\"text-align: center;\">Formentera se puede recorrer en moto y en coche, sin embargo, Septiembre y Octubre son meses para recorrerla en bici, a pie o en Lla\u00fat!<\/h5>\n<p>Largas playas de arena fina, calas ocultas entre bosques de sabinas y acantilados de mil formas que dibujan los 69km de silueta de costa en Formentera. Las rutas verdes proponen 32 itinerarios diferentes para descubrir, rincones \u00fanicos con m\u00e1s de 100 km de caminos por el litoral y el interior que ser\u00edan dif\u00edciles de recorrer si las circunstancias fueran otras.&nbsp;<\/p>\n<h3>1. Explorar el lado m\u00e1s natural y salvaje de Formentera a pie<\/h3>\n<p>Recorrer la Isla a pie por los sitios m\u00e1s naturales, atravesando el paraje de los caminos y adentr\u00e1ndose en sus cuevas, es una forma totalmente diferente de conocer Formentera. A trav\u00e9s de la empresa <a href=\"https:\/\/www.walkingformentera.es\/vuelta-a-pie\" target=\"_blank\" rel=\"noopener noreferrer\" data-saferedirecturl=\"https:\/\/www.google.com\/url?q=https:\/\/www.walkingformentera.es\/vuelta-a-pie&amp;source=gmail&amp;ust=1599777024919000&amp;usg=AFQjCNHGOFWGp8mepB00Ha4XyC8tKNYQPg\"><b>WalkingFormentera<\/b><\/a>, te ofrecen dos itinerarios alternativos: uno de 3 d\u00edas y otro de 6 d\u00edas.<\/p>\n<p><img loading=\"lazy\" decoding=\"async\" class=\"aligncenter size-full wp-image-435\" src=\"https:\/\/cantresformentera.com\/wp-content\/uploads\/2020\/09\/formentera-rutas-verdes.jpg\" alt=\"\" width=\"964\" height=\"600\"><\/p>\n<p>Si no tienes tantos d\u00edas para dedicarlos a estas excursiones, hay muchos paseos por Formentera a trav\u00e9s de sus 32 rutas verdes.<\/p>\n<p><img loading=\"lazy\" decoding=\"async\" class=\"aligncenter size-full wp-image-435\" src=\"https:\/\/cantresformentera.com\/wp-content\/uploads\/2020\/09\/mapa-rutas-verdes-1024x932.jpg\" alt=\"\" width=\"964\" height=\"600\"><\/p>\n<p>Aqu\u00ed ten\u00e9is un mapa donde pod\u00e9is ver en detalle las 32 rutas verdes.<\/p>\n<p class=\"destacadoCita\"><strong>Las rutas que m\u00e1s recomendamos son:<\/strong><\/p>\n<ul class=\"blog\">\n<li>La Savina &#8211; Illetes<\/li>\n<li>Es Calo &#8211; La Mola<\/li>\n<li>S`estany des peix<\/li>\n<li>Porto Sal\u00e9 &#8211; Cala Saona<\/li>\n<\/ul>\n<h3>2. Recorrer Formentera en Lla\u00fat<\/h3>\n<p><img loading=\"lazy\" decoding=\"async\" class=\"aligncenter size-full wp-image-435\" src=\"https:\/\/cantresformentera.com\/wp-content\/uploads\/2020\/09\/llaut.jpg\" alt=\"\" width=\"964\" height=\"600\"><br>El Lla\u00fat es un barco t\u00edpico de las Baleares. Ver el atardecer en un Lla\u00fat en Cala Saona o bien hacer una excursi\u00f3n a la isla de S\u00b4espalmador es una forma muy distinta de descubrir ambas playas. Si quieres alquilar un Lla\u00fat puedes hacerlo en este enlace &#8211; <b><a href=\"https:\/\/www.instagram.com\/iatuboats\/\" target=\"_blank\" rel=\"noopener noreferrer\" data-saferedirecturl=\"https:\/\/www.google.com\/url?q=https:\/\/www.instagram.com\/iatuboats\/&amp;source=gmail&amp;ust=1599777024920000&amp;usg=AFQjCNHQw8necJ8CE3ooqF41MWegdecjHA\">Alquiler lla\u00fat en Formentera<\/a>&nbsp;<\/b>.<\/p>\n<p><img loading=\"lazy\" decoding=\"async\" class=\"aligncenter size-full wp-image-435\" src=\"https:\/\/cantresformentera.com\/wp-content\/uploads\/2020\/09\/Escalodesmort.jpg\" alt=\"\" width=\"964\" height=\"600\"><\/p>\n\n\n<p>Es una cala muy peque\u00f1a que siempre esta abarrotada en los meses de verano. Una cala aut\u00e9ntica con sus caba\u00f1as de pescadores y sus aguas turquesas. Esta cala se encuentra al final de la costa de Migjorn. Tiene un acceso a pie al que podr\u00e1s acceder bordeando la costa desde el&nbsp;<a rel=\"noreferrer noopener\" href=\"https:\/\/cantresformentera.com\/es\/los-kioskos-de-formentera\/\" target=\"_blank\"><strong>Kiosko Bartolo<\/strong><\/a><strong>.<\/strong><\/p>\n\n\n\n<h3>4. Tomarte una pomada en el kiosko 62<\/h3>\n\n<p><img loading=\"lazy\" decoding=\"async\" class=\"aligncenter size-full wp-image-435\" src=\"https:\/\/cantresformentera.com\/wp-content\/uploads\/2020\/09\/foto1postseptiembre-1.jpg\" alt=\"\" width=\"964\" height=\"600\"><\/p>\n\n\n\n<p>Un plan que NO puede faltar (en ninguna \u00e9poca del a\u00f1o) es tomarte una pomada en el&nbsp;<a rel=\"noreferrer noopener\" href=\"https:\/\/cantresformentera.com\/es\/los-kioskos-de-formentera\/\" target=\"_blank\"><strong>Kiosko 62<\/strong><\/a>. El Kiosko es de los pocos sitios que siempre tiene mucho ambiente, adem\u00e1s, si bien en verano la puesta de sol se ve mejor desde Illetes, en meses como Septiembre y Octubre Migjorn ofrece unas vistas espectaculares a la puesta de sol. Su estilo sencillo, su m\u00fasica de fondo y la luz crean una imagen que engancha mucho a la isla.<\/p>\n\n\n\n<h3 class=\"wp-block-heading\">5. El mercado hippy de La Mola<\/h3>\n\n\n<p><img loading=\"lazy\" decoding=\"async\" class=\"aligncenter size-full wp-image-435\" src=\"https:\/\/cantresformentera.com\/wp-content\/uploads\/2018\/11\/Mercat_Hippie_Mola-2.jpg\" alt=\"\" width=\"964\" height=\"600\"><\/p>\n\n\n<p>El mercadillo hippie de La Mola no es considerado como la representaci\u00f3n hippie de la isla en vano. Es un evento que se celebra entre Mayo y Octubre, todos &nbsp;los mi\u00e9rcoles y domingos por la tarde, a partir de las 16.00 horas. Es un aut\u00e9ntico viaje en el tiempo a aquellos a\u00f1os sesenta en el que los primeros j\u00f3venes so\u00f1adores llegaron aqu\u00ed.<\/p>\n\n\n\n<h3 class=\"wp-block-heading\">6. Buceo por las cuevas de Formentera<\/h3>\n\n\n<p><img loading=\"lazy\" decoding=\"async\" class=\"aligncenter size-full wp-image-435\" src=\"https:\/\/cantresformentera.com\/wp-content\/uploads\/2020\/09\/buceo-formentera.jpg\" alt=\"\" width=\"964\" height=\"600\"><\/p>\n\n\n<p>Sin duda es una experiencia \u00fanica. Formentera tiene unos fondos marinos especiales, tanto por sus numerosas cuevas como la claridad del agua o los paseos sobre las praderas de posidonia. En el puerto de la Savina puedes encontrar el&nbsp;<a rel=\"noreferrer noopener\" href=\"https:\/\/vellmari.com\/en\/home\/\" target=\"_blank\"><strong>Centro de Buceo Vellmari<\/strong><\/a>&nbsp;quienes organizan todo tipo de excursiones tengas o no tengas el PADI.<\/p>\n\n\n\n<h3 class=\"wp-block-heading\">6. Excursi\u00f3n a S\u00b4espalmador en Kayak o Paddle Surf<\/h3>\n\n\n<p><img loading=\"lazy\" decoding=\"async\" class=\"aligncenter size-full wp-image-435\" src=\"https:\/\/cantresformentera.com\/wp-content\/uploads\/2020\/09\/paddlesurf.jpg\" alt=\"\" width=\"964\" height=\"600\"><\/p>\n\n\n<p>Aprovechando las calmas de Septiembre y Octubre y la menor afluencia de barcos, contribuyen a que \u00e9sta sea una traves\u00eda irremplazable. La isla de S\u00b4Espalmador se encuentra a pocos metros del inicio de Formentera. Puedes empezar desde Illestes o bi\u00e9n desde La Savina. Para alquilar un equipo puedes hacerlo en el siguiente enlace &#8211;&nbsp;<strong><a rel=\"noreferrer noopener\" href=\"http:\/\/www.centronauticoformentera.com\/es\/productos\/5\/paddle-surf\" target=\"_blank\">Alquiler Paddle Surf en Formentera<\/a><\/strong><\/p>\n\n\n\n<h3 class=\"wp-block-heading\">7. Ruta a caballo por las playas de Illetes<\/h3>\n\n\n<p><img loading=\"lazy\" decoding=\"async\" class=\"aligncenter size-full wp-image-435\" src=\"https:\/\/cantresformentera.com\/wp-content\/uploads\/2020\/09\/caballo-en-formentera.jpg\" alt=\"\" width=\"964\" height=\"600\"><\/p>\n\n\n<p>Siempre se habla de Formentera por sus atardeceres, pero \u00bfy los amaneceres? Un plan que proponemos y, que seguramente sea desconocido para ti, son las rutas a caballo en Formentera. En especial por las playas de Illetes. A traves de la empresa Rutes es Boixes te ense\u00f1aran la isla montando a caballo. Puedes hacer excursiones en grupo o personalizadas. Puedes reservar tu excursi\u00f3n en este enlace:&nbsp;<strong><a href=\"http:\/\/rutasesboixets.com\/\">Rutas a caballo<\/a><\/strong><\/p>\n\n\n\n<h3 class=\"wp-block-heading\">8. Hacer Kitesurf en Formentera<\/h3>\n\n\n<p><img loading=\"lazy\" decoding=\"async\" class=\"aligncenter size-full wp-image-435\" src=\"https:\/\/cantresformentera.com\/wp-content\/uploads\/2020\/09\/kitesurf.jpg\" alt=\"\" width=\"964\" height=\"600\"><\/p>\n\n\n<p>Hacer kitesurf en Formentera con un mar color turquesa y vientos que soplan en todas direcciones hacen de este spot una meca del kitesurf por descubrir. Dar clases o alquilar equipo es una tarea m\u00e1s complicada, sin embargo, en este enlace os presentamos una empresa que se especializa en dar clases de Kitesurf en Ibiza y Formentera&nbsp; &#8211; <a href=\"https:\/\/www.instagram.com\/kitesurfibiza\/\"><strong>Hacer kitesurf en Formentera<\/strong><\/a><\/p>\n\n\n\n<h3 class=\"wp-block-heading\">9. Puesta de Sol en Formentera<\/h3>\n\n\n<p><img loading=\"lazy\" decoding=\"async\" class=\"aligncenter size-full wp-image-435\" src=\"https:\/\/cantresformentera.com\/wp-content\/uploads\/2019\/01\/FullSizeRender.jpg\" alt=\"\" width=\"964\" height=\"600\"><\/p>\n\n\n<p>La Isla tiene muchos sitios para ver la puesta de sol, pero os queremos ense\u00f1ar un sitio muy poco habitual&#8230; Se trata del Estany del Peix. Es una laguna conectada por un peque\u00f1o estrecho con el mar. El sol descendiendo entre las peque\u00f1as barcas fondeadas hacen de esta imagen un recuerdo inolvidable.<\/p>\n\n\n\n<h3 class=\"wp-block-heading\">10. Desayunar en Sant Francesc Xavier<\/h3>\n\n\n<p><img loading=\"lazy\" decoding=\"async\" class=\"aligncenter size-full wp-image-435\" src=\"https:\/\/cantresformentera.com\/wp-content\/uploads\/2020\/09\/santfrancesc.jpg\" alt=\"\" width=\"964\" height=\"600\"><\/p>\n\n\n<p>Sant Francesc Xavier es la capital de Formentera. Una forma de empezar el d\u00eda puede ser dar un paseo por este pueblo tan pintoresco. Lleno de peque\u00f1as tiendas y diferentes terrazas convierten Sant Francesc Xavier en una forma perfecta de empezar con buen pie.<\/p>\n\n\n\n<p><\/p>\n\n\n\n<div class=\"wp-block-button aligncenter\"><a class=\"wp-block-button__link\" href=\"https:\/\/cantresformentera.com\/es\/book-now\/\">QUIERO RESERVAR EN SEPTIEMBRE U OCTUBRE<\/a><\/div>\n","protected":false},"excerpt":{"rendered":"<p>Formentera es un para\u00edso. Sin embargo, siempre decimos que var\u00eda mucho seg\u00fan el mes del a\u00f1o en que lo visites. Septiembre y Octubre son meses m\u00e1gicos en Formentera. Se convierte en una isla tranquila, relajante, libre. Este a\u00f1o ha sido un a\u00f1o extra\u00f1o para todos y por ello nos hemos decidido a escribir esta gu\u00eda. [&hellip;]<\/p>\n","protected":false},"author":1,"featured_media":2705,"comment_status":"closed","ping_status":"open","sticky":false,"template":"","format":"standard","meta":{"_acf_changed":false,"footnotes":""},"categories":[54,55,56],"tags":[65],"class_list":["post-2707","post","type-post","status-publish","format-standard","has-post-thumbnail","hentry","category-playas-es","category-gastronomia-es","category-planes-es","tag-formentera"],"acf":[],"yoast_head":"<!-- This site is optimized with the Yoast SEO plugin v27.5 - https:\/\/yoast.com\/product\/yoast-seo-wordpress\/ -->\n<title>PLANES EN FORMENTERA EN SEPTIEMBRE Y OCTUBRE - Can Tres<\/title>\n<meta name=\"description\" content=\"10 planes en Formentera en Septiembre y Octubre. Hemos elegido los planes mas diferentes para hacer fuera de temporada en Formentera\" \/>\n<meta name=\"robots\" content=\"index, follow, max-snippet:-1, max-image-preview:large, max-video-preview:-1\" \/>\n<link rel=\"canonical\" href=\"https:\/\/cantresformentera.com\/es\/planes-en-formentera-en-octubre-y-septiembre\/\" \/>\n<meta property=\"og:locale\" content=\"es_ES\" \/>\n<meta property=\"og:type\" content=\"article\" \/>\n<meta property=\"og:title\" content=\"PLANES EN FORMENTERA EN SEPTIEMBRE Y OCTUBRE - Can Tres\" \/>\n<meta property=\"og:description\" content=\"10 planes en Formentera en Septiembre y Octubre. Hemos elegido los planes mas diferentes para hacer fuera de temporada en Formentera\" \/>\n<meta property=\"og:url\" content=\"https:\/\/cantresformentera.com\/es\/planes-en-formentera-en-octubre-y-septiembre\/\" \/>\n<meta property=\"og:site_name\" content=\"Can Tres\" \/>\n<meta property=\"article:published_time\" content=\"2020-09-09T10:54:56+00:00\" \/>\n<meta property=\"article:modified_time\" content=\"2020-09-10T11:06:56+00:00\" \/>\n<meta property=\"og:image\" content=\"https:\/\/cantresformentera.com\/wp-content\/uploads\/2020\/09\/formnentera.jpg\" \/>\n\t<meta property=\"og:image:width\" content=\"1200\" \/>\n\t<meta property=\"og:image:height\" content=\"900\" \/>\n\t<meta property=\"og:image:type\" content=\"image\/jpeg\" \/>\n<meta name=\"author\" content=\"gilas\" \/>\n<meta name=\"twitter:card\" content=\"summary_large_image\" \/>\n<meta name=\"twitter:label1\" content=\"Escrito por\" \/>\n\t<meta name=\"twitter:data1\" content=\"gilas\" \/>\n\t<meta name=\"twitter:label2\" content=\"Tiempo de lectura\" \/>\n\t<meta name=\"twitter:data2\" content=\"5 minutos\" \/>\n<script type=\"application\/ld+json\" class=\"yoast-schema-graph\">{\"@context\":\"https:\\\/\\\/schema.org\",\"@graph\":[{\"@type\":\"Article\",\"@id\":\"https:\\\/\\\/cantresformentera.com\\\/es\\\/planes-en-formentera-en-octubre-y-septiembre\\\/#article\",\"isPartOf\":{\"@id\":\"https:\\\/\\\/cantresformentera.com\\\/es\\\/planes-en-formentera-en-octubre-y-septiembre\\\/\"},\"author\":{\"name\":\"gilas\",\"@id\":\"https:\\\/\\\/cantresformentera.com\\\/#\\\/schema\\\/person\\\/c260dad95192c5dda3c5ec800348fba7\"},\"headline\":\"PLANES EN FORMENTERA EN SEPTIEMBRE Y OCTUBRE\",\"datePublished\":\"2020-09-09T10:54:56+00:00\",\"dateModified\":\"2020-09-10T11:06:56+00:00\",\"mainEntityOfPage\":{\"@id\":\"https:\\\/\\\/cantresformentera.com\\\/es\\\/planes-en-formentera-en-octubre-y-septiembre\\\/\"},\"wordCount\":1013,\"publisher\":{\"@id\":\"https:\\\/\\\/cantresformentera.com\\\/#organization\"},\"image\":{\"@id\":\"https:\\\/\\\/cantresformentera.com\\\/es\\\/planes-en-formentera-en-octubre-y-septiembre\\\/#primaryimage\"},\"thumbnailUrl\":\"https:\\\/\\\/cantresformentera.com\\\/wp-content\\\/uploads\\\/2020\\\/09\\\/formnentera.jpg\",\"keywords\":[\"formentera\"],\"articleSection\":[\"Playas\",\"Gastronomia\",\"Planes\"],\"inLanguage\":\"es\"},{\"@type\":\"WebPage\",\"@id\":\"https:\\\/\\\/cantresformentera.com\\\/es\\\/planes-en-formentera-en-octubre-y-septiembre\\\/\",\"url\":\"https:\\\/\\\/cantresformentera.com\\\/es\\\/planes-en-formentera-en-octubre-y-septiembre\\\/\",\"name\":\"PLANES EN FORMENTERA EN SEPTIEMBRE Y OCTUBRE - Can Tres\",\"isPartOf\":{\"@id\":\"https:\\\/\\\/cantresformentera.com\\\/#website\"},\"primaryImageOfPage\":{\"@id\":\"https:\\\/\\\/cantresformentera.com\\\/es\\\/planes-en-formentera-en-octubre-y-septiembre\\\/#primaryimage\"},\"image\":{\"@id\":\"https:\\\/\\\/cantresformentera.com\\\/es\\\/planes-en-formentera-en-octubre-y-septiembre\\\/#primaryimage\"},\"thumbnailUrl\":\"https:\\\/\\\/cantresformentera.com\\\/wp-content\\\/uploads\\\/2020\\\/09\\\/formnentera.jpg\",\"datePublished\":\"2020-09-09T10:54:56+00:00\",\"dateModified\":\"2020-09-10T11:06:56+00:00\",\"description\":\"10 planes en Formentera en Septiembre y Octubre. Hemos elegido los planes mas diferentes para hacer fuera de temporada en Formentera\",\"breadcrumb\":{\"@id\":\"https:\\\/\\\/cantresformentera.com\\\/es\\\/planes-en-formentera-en-octubre-y-septiembre\\\/#breadcrumb\"},\"inLanguage\":\"es\",\"potentialAction\":[{\"@type\":\"ReadAction\",\"target\":[\"https:\\\/\\\/cantresformentera.com\\\/es\\\/planes-en-formentera-en-octubre-y-septiembre\\\/\"]}]},{\"@type\":\"ImageObject\",\"inLanguage\":\"es\",\"@id\":\"https:\\\/\\\/cantresformentera.com\\\/es\\\/planes-en-formentera-en-octubre-y-septiembre\\\/#primaryimage\",\"url\":\"https:\\\/\\\/cantresformentera.com\\\/wp-content\\\/uploads\\\/2020\\\/09\\\/formnentera.jpg\",\"contentUrl\":\"https:\\\/\\\/cantresformentera.com\\\/wp-content\\\/uploads\\\/2020\\\/09\\\/formnentera.jpg\",\"width\":1200,\"height\":900},{\"@type\":\"BreadcrumbList\",\"@id\":\"https:\\\/\\\/cantresformentera.com\\\/es\\\/planes-en-formentera-en-octubre-y-septiembre\\\/#breadcrumb\",\"itemListElement\":[{\"@type\":\"ListItem\",\"position\":1,\"name\":\"Home\",\"item\":\"https:\\\/\\\/cantresformentera.com\\\/es\\\/\"},{\"@type\":\"ListItem\",\"position\":2,\"name\":\"PLANES EN FORMENTERA EN SEPTIEMBRE Y OCTUBRE\"}]},{\"@type\":\"WebSite\",\"@id\":\"https:\\\/\\\/cantresformentera.com\\\/#website\",\"url\":\"https:\\\/\\\/cantresformentera.com\\\/\",\"name\":\"Can Tres Formentera\",\"description\":\"Unique Formentera Experience\",\"publisher\":{\"@id\":\"https:\\\/\\\/cantresformentera.com\\\/#organization\"},\"alternateName\":\"Can Tres\",\"potentialAction\":[{\"@type\":\"SearchAction\",\"target\":{\"@type\":\"EntryPoint\",\"urlTemplate\":\"https:\\\/\\\/cantresformentera.com\\\/?s={search_term_string}\"},\"query-input\":{\"@type\":\"PropertyValueSpecification\",\"valueRequired\":true,\"valueName\":\"search_term_string\"}}],\"inLanguage\":\"es\"},{\"@type\":\"Organization\",\"@id\":\"https:\\\/\\\/cantresformentera.com\\\/#organization\",\"name\":\"Can Tres Formentera\",\"alternateName\":\"Can Tres\",\"url\":\"https:\\\/\\\/cantresformentera.com\\\/\",\"logo\":{\"@type\":\"ImageObject\",\"inLanguage\":\"es\",\"@id\":\"https:\\\/\\\/cantresformentera.com\\\/#\\\/schema\\\/logo\\\/image\\\/\",\"url\":\"https:\\\/\\\/cantresformentera.com\\\/wp-content\\\/uploads\\\/2018\\\/02\\\/cropped-favicon-1.png\",\"contentUrl\":\"https:\\\/\\\/cantresformentera.com\\\/wp-content\\\/uploads\\\/2018\\\/02\\\/cropped-favicon-1.png\",\"width\":512,\"height\":512,\"caption\":\"Can Tres Formentera\"},\"image\":{\"@id\":\"https:\\\/\\\/cantresformentera.com\\\/#\\\/schema\\\/logo\\\/image\\\/\"}},{\"@type\":\"Person\",\"@id\":\"https:\\\/\\\/cantresformentera.com\\\/#\\\/schema\\\/person\\\/c260dad95192c5dda3c5ec800348fba7\",\"name\":\"gilas\",\"image\":{\"@type\":\"ImageObject\",\"inLanguage\":\"es\",\"@id\":\"https:\\\/\\\/cantresformentera.com\\\/wp-content\\\/uploads\\\/2017\\\/12\\\/favicon-150x150.png\",\"url\":\"https:\\\/\\\/cantresformentera.com\\\/wp-content\\\/uploads\\\/2017\\\/12\\\/favicon-150x150.png\",\"contentUrl\":\"https:\\\/\\\/cantresformentera.com\\\/wp-content\\\/uploads\\\/2017\\\/12\\\/favicon-150x150.png\",\"caption\":\"gilas\"}}]}<\/script>\n<!-- \/ Yoast SEO plugin. -->","yoast_head_json":{"title":"PLANES EN FORMENTERA EN SEPTIEMBRE Y OCTUBRE - Can Tres","description":"10 planes en Formentera en Septiembre y Octubre. Hemos elegido los planes mas diferentes para hacer fuera de temporada en Formentera","robots":{"index":"index","follow":"follow","max-snippet":"max-snippet:-1","max-image-preview":"max-image-preview:large","max-video-preview":"max-video-preview:-1"},"canonical":"https:\/\/cantresformentera.com\/es\/planes-en-formentera-en-octubre-y-septiembre\/","og_locale":"es_ES","og_type":"article","og_title":"PLANES EN FORMENTERA EN SEPTIEMBRE Y OCTUBRE - Can Tres","og_description":"10 planes en Formentera en Septiembre y Octubre. Hemos elegido los planes mas diferentes para hacer fuera de temporada en Formentera","og_url":"https:\/\/cantresformentera.com\/es\/planes-en-formentera-en-octubre-y-septiembre\/","og_site_name":"Can Tres","article_published_time":"2020-09-09T10:54:56+00:00","article_modified_time":"2020-09-10T11:06:56+00:00","og_image":[{"width":1200,"height":900,"url":"https:\/\/cantresformentera.com\/wp-content\/uploads\/2020\/09\/formnentera.jpg","type":"image\/jpeg"}],"author":"gilas","twitter_card":"summary_large_image","twitter_misc":{"Escrito por":"gilas","Tiempo de lectura":"5 minutos"},"schema":{"@context":"https:\/\/schema.org","@graph":[{"@type":"Article","@id":"https:\/\/cantresformentera.com\/es\/planes-en-formentera-en-octubre-y-septiembre\/#article","isPartOf":{"@id":"https:\/\/cantresformentera.com\/es\/planes-en-formentera-en-octubre-y-septiembre\/"},"author":{"name":"gilas","@id":"https:\/\/cantresformentera.com\/#\/schema\/person\/c260dad95192c5dda3c5ec800348fba7"},"headline":"PLANES EN FORMENTERA EN SEPTIEMBRE Y OCTUBRE","datePublished":"2020-09-09T10:54:56+00:00","dateModified":"2020-09-10T11:06:56+00:00","mainEntityOfPage":{"@id":"https:\/\/cantresformentera.com\/es\/planes-en-formentera-en-octubre-y-septiembre\/"},"wordCount":1013,"publisher":{"@id":"https:\/\/cantresformentera.com\/#organization"},"image":{"@id":"https:\/\/cantresformentera.com\/es\/planes-en-formentera-en-octubre-y-septiembre\/#primaryimage"},"thumbnailUrl":"https:\/\/cantresformentera.com\/wp-content\/uploads\/2020\/09\/formnentera.jpg","keywords":["formentera"],"articleSection":["Playas","Gastronomia","Planes"],"inLanguage":"es"},{"@type":"WebPage","@id":"https:\/\/cantresformentera.com\/es\/planes-en-formentera-en-octubre-y-septiembre\/","url":"https:\/\/cantresformentera.com\/es\/planes-en-formentera-en-octubre-y-septiembre\/","name":"PLANES EN FORMENTERA EN SEPTIEMBRE Y OCTUBRE - Can Tres","isPartOf":{"@id":"https:\/\/cantresformentera.com\/#website"},"primaryImageOfPage":{"@id":"https:\/\/cantresformentera.com\/es\/planes-en-formentera-en-octubre-y-septiembre\/#primaryimage"},"image":{"@id":"https:\/\/cantresformentera.com\/es\/planes-en-formentera-en-octubre-y-septiembre\/#primaryimage"},"thumbnailUrl":"https:\/\/cantresformentera.com\/wp-content\/uploads\/2020\/09\/formnentera.jpg","datePublished":"2020-09-09T10:54:56+00:00","dateModified":"2020-09-10T11:06:56+00:00","description":"10 planes en Formentera en Septiembre y Octubre. Hemos elegido los planes mas diferentes para hacer fuera de temporada en Formentera","breadcrumb":{"@id":"https:\/\/cantresformentera.com\/es\/planes-en-formentera-en-octubre-y-septiembre\/#breadcrumb"},"inLanguage":"es","potentialAction":[{"@type":"ReadAction","target":["https:\/\/cantresformentera.com\/es\/planes-en-formentera-en-octubre-y-septiembre\/"]}]},{"@type":"ImageObject","inLanguage":"es","@id":"https:\/\/cantresformentera.com\/es\/planes-en-formentera-en-octubre-y-septiembre\/#primaryimage","url":"https:\/\/cantresformentera.com\/wp-content\/uploads\/2020\/09\/formnentera.jpg","contentUrl":"https:\/\/cantresformentera.com\/wp-content\/uploads\/2020\/09\/formnentera.jpg","width":1200,"height":900},{"@type":"BreadcrumbList","@id":"https:\/\/cantresformentera.com\/es\/planes-en-formentera-en-octubre-y-septiembre\/#breadcrumb","itemListElement":[{"@type":"ListItem","position":1,"name":"Home","item":"https:\/\/cantresformentera.com\/es\/"},{"@type":"ListItem","position":2,"name":"PLANES EN FORMENTERA EN SEPTIEMBRE Y OCTUBRE"}]},{"@type":"WebSite","@id":"https:\/\/cantresformentera.com\/#website","url":"https:\/\/cantresformentera.com\/","name":"Can Tres Formentera","description":"Unique Formentera Experience","publisher":{"@id":"https:\/\/cantresformentera.com\/#organization"},"alternateName":"Can Tres","potentialAction":[{"@type":"SearchAction","target":{"@type":"EntryPoint","urlTemplate":"https:\/\/cantresformentera.com\/?s={search_term_string}"},"query-input":{"@type":"PropertyValueSpecification","valueRequired":true,"valueName":"search_term_string"}}],"inLanguage":"es"},{"@type":"Organization","@id":"https:\/\/cantresformentera.com\/#organization","name":"Can Tres Formentera","alternateName":"Can Tres","url":"https:\/\/cantresformentera.com\/","logo":{"@type":"ImageObject","inLanguage":"es","@id":"https:\/\/cantresformentera.com\/#\/schema\/logo\/image\/","url":"https:\/\/cantresformentera.com\/wp-content\/uploads\/2018\/02\/cropped-favicon-1.png","contentUrl":"https:\/\/cantresformentera.com\/wp-content\/uploads\/2018\/02\/cropped-favicon-1.png","width":512,"height":512,"caption":"Can Tres Formentera"},"image":{"@id":"https:\/\/cantresformentera.com\/#\/schema\/logo\/image\/"}},{"@type":"Person","@id":"https:\/\/cantresformentera.com\/#\/schema\/person\/c260dad95192c5dda3c5ec800348fba7","name":"gilas","image":{"@type":"ImageObject","inLanguage":"es","@id":"https:\/\/cantresformentera.com\/wp-content\/uploads\/2017\/12\/favicon-150x150.png","url":"https:\/\/cantresformentera.com\/wp-content\/uploads\/2017\/12\/favicon-150x150.png","contentUrl":"https:\/\/cantresformentera.com\/wp-content\/uploads\/2017\/12\/favicon-150x150.png","caption":"gilas"}}]}},"_links":{"self":[{"href":"https:\/\/cantresformentera.com\/es\/wp-json\/wp\/v2\/posts\/2707","targetHints":{"allow":["GET"]}}],"collection":[{"href":"https:\/\/cantresformentera.com\/es\/wp-json\/wp\/v2\/posts"}],"about":[{"href":"https:\/\/cantresformentera.com\/es\/wp-json\/wp\/v2\/types\/post"}],"author":[{"embeddable":true,"href":"https:\/\/cantresformentera.com\/es\/wp-json\/wp\/v2\/users\/1"}],"replies":[{"embeddable":true,"href":"https:\/\/cantresformentera.com\/es\/wp-json\/wp\/v2\/comments?post=2707"}],"version-history":[{"count":1,"href":"https:\/\/cantresformentera.com\/es\/wp-json\/wp\/v2\/posts\/2707\/revisions"}],"predecessor-version":[{"id":2708,"href":"https:\/\/cantresformentera.com\/es\/wp-json\/wp\/v2\/posts\/2707\/revisions\/2708"}],"wp:featuredmedia":[{"embeddable":true,"href":"https:\/\/cantresformentera.com\/es\/wp-json\/wp\/v2\/media\/2705"}],"wp:attachment":[{"href":"https:\/\/cantresformentera.com\/es\/wp-json\/wp\/v2\/media?parent=2707"}],"wp:term":[{"taxonomy":"category","embeddable":true,"href":"https:\/\/cantresformentera.com\/es\/wp-json\/wp\/v2\/categories?post=2707"},{"taxonomy":"post_tag","embeddable":true,"href":"https:\/\/cantresformentera.com\/es\/wp-json\/wp\/v2\/tags?post=2707"}],"curies":[{"name":"wp","href":"https:\/\/api.w.org\/{rel}","templated":true}]}}