{"id":2479,"date":"2020-09-09T18:15:44","date_gmt":"2020-09-09T18:15:44","guid":{"rendered":"https:\/\/cantres.live-website.com\/?p=2479"},"modified":"2020-09-10T11:03:03","modified_gmt":"2020-09-10T11:03:03","slug":"planes-en-marzo-y-abril-en-formentera","status":"publish","type":"post","link":"https:\/\/cantresformentera.com\/es\/planes-en-marzo-y-abril-en-formentera\/","title":{"rendered":"Planes para Marzo y Abril en Formentera"},"content":{"rendered":"<h4 class=\"p1\" style=\"text-align: center;\"><span class=\"s1\">Queremos descubrirte la isla de Formentera en marzo y abril.<\/span><\/h4>\n<h4 class=\"p1\" style=\"text-align: center;\"><span class=\"s1\"><strong>Formentera<\/strong> es un para\u00edso, y fuera de temporada a\u00fan lo es m\u00e1s! Poder ver la isla casi sin gente y en su estado puro es un privilegio. Queremos ense\u00f1arte diferentes planes para conocer la mejor parte de <strong>Formentera<\/strong> en Marzo y en Abril.<\/span><\/h4>\n<h5 class=\"p1\" style=\"text-align: center;\"><span class=\"s1\">Hay que aprovechar para ver todos esos sitios que en verano est\u00e1n repletos de gente pero que ahora son solo para ti! <\/span><\/h5>\n<ol class=\"ol1\">\n<li class=\"li1\">\n<h3 style=\"text-align: center;\"><span class=\"s2\">1.Visitar Illetas y las salinas<\/span><\/h3>\n<p class=\"p1\"><img loading=\"lazy\" decoding=\"async\" class=\"aligncenter size-full wp-image-435\" src=\"https:\/\/cantresformentera.com\/wp-content\/uploads\/2020\/02\/illetas.jpg\" alt=\"\" width=\"964\" height=\"600\" \/><\/p>\n<\/li>\n<\/ol>\n<p style=\"text-align: center;\"><span class=\"s2\">Durante la temporada baja no hay que pagar para entrar en el parque natural de Illetas por qu\u00e9 apenas hay gente. Caminar todo illetas desde el restaurante <strong>Es Ministre<\/strong> hasta casi la isla de\u00a0 <strong>S\u00b4palmador<\/strong> sin encontrarte casi gente.<\/span><\/p>\n<ol class=\"ol1\">\n<li>\n<h3 class=\"p1\" style=\"text-align: center;\"><span class=\"s1\">2. Alquilar una bici y recorrerte la isla<\/span><\/h3>\n<\/li>\n<\/ol>\n<p class=\"p1\"><img loading=\"lazy\" decoding=\"async\" class=\"aligncenter size-full wp-image-435\" src=\"https:\/\/cantresformentera.com\/wp-content\/uploads\/2020\/02\/rutas-verdes.jpg\" alt=\"\" width=\"964\" height=\"600\" \/><\/p>\n<p class=\"p1\" style=\"text-align: center;\"><span class=\"s1\"> Puedes estar en la bici todo el d\u00eda al no hacer el mismo calor que hace en meses como Julio o Agosto. <strong>Formentera<\/strong> tiene m\u00e1s de 32 rutas verdes para poder recorrerte la isla al completo. Aqu\u00ed puedes ver todas las rutas\u00a0<\/span><\/p>\n<p style=\"text-align: center;\"><a href=\"https:\/\/www.formentera.es\/wp-content\/uploads\/2018\/12\/petit_mapa.pdf\"><strong>RUTAS VERDES\u00a0<\/strong><\/a><\/p>\n<p style=\"text-align: center;\">Puedes alquilar tu bici en <strong>Formotor<\/strong>, con el c\u00f3digo <strong>CANTRES<\/strong> tendr\u00e1s un 5% de descuento<\/p>\n<ol class=\"ol1\">\n<li>\n<h3 class=\"p1\" style=\"text-align: center;\"><span class=\"s1\">3.<span class=\"Apple-converted-space\">\u00a0 <\/span>\u00a0Ver el faro de Cap de Barbaria<\/span><\/h3>\n<p class=\"p1\"><img loading=\"lazy\" decoding=\"async\" class=\"aligncenter size-full wp-image-435\" src=\"https:\/\/cantresformentera.com\/wp-content\/uploads\/2019\/02\/sunset-faro-mola.jpg\" alt=\"\" width=\"964\" height=\"600\" \/><\/p>\n<\/li>\n<\/ol>\n<p class=\"p1\" style=\"text-align: center;\"><span class=\"s1\">Durante la temporada baja el acceso para coches est\u00e1 abierto, la sensaci\u00f3n de conducir hasta el faro sin ver ni un solo coche es algo \u00fanico.\u00a0<\/span><\/p>\n<ol class=\"ol1\">\n<li>\n<h3 class=\"p1\" style=\"text-align: center;\"><span class=\"s1\">4. Visitar los kioskos! <\/span><\/h3>\n<\/li>\n<\/ol>\n<p class=\"p1\"><img loading=\"lazy\" decoding=\"async\" class=\"aligncenter size-full wp-image-435\" src=\"https:\/\/cantresformentera.com\/wp-content\/uploads\/2020\/02\/kiosko62migjorn.jpg\" alt=\"\" width=\"964\" height=\"600\" \/><\/p>\n<p class=\"p1\" style=\"text-align: center;\"><span class=\"s1\">Aqu\u00ed tienes una lista de los mejores kioskos de la isla. <a href=\"https:\/\/cantresformentera.com\/es\/los-kioskos-de-formentera\/\">Ver lista<\/a> . Abren todos los fines de semana de todo el a\u00f1o. Nuestra recomendaci\u00f3n es hacer una ruta. Pasar por el Kiosco de <strong>Cala Saona<\/strong>, luego por el Kiosco Bartolo al final de la <strong>playa de Migjorn<\/strong> y por ultimo tomarte una pomada en el <strong>Kiosco 62<\/strong> viendo el atardecer con una m\u00fasica espectacular!<\/span><\/p>\n<h3 class=\"p1\" style=\"text-align: center;\"><span class=\"s1\">5. Hacer yoga en Formentera<\/span><\/h3>\n<p class=\"p1\" style=\"text-align: center;\"><span class=\"s1\">En Can Tres puedes solicitar informaci\u00f3n para recibir una clase de Yoga en Can Tres o bien en otra parte de la isla como puede ser en la <strong>playa de Illetas.\u00a0<\/strong><\/span><\/p>\n<p style=\"text-align: center;\">Formentera es una isla con mucha energ\u00eda y un lugar id\u00f3neo para hacer yoga o meditaci\u00f3n.<\/p>\n<h3 class=\"p1\" style=\"text-align: center;\"><span class=\"s1\">6. Realizar el camino de Sa pujada <\/span><\/h3>\n<p class=\"p1\"><img decoding=\"async\" class=\"aligncenter size-full wp-image-435\" src=\"https:\/\/cantresformentera.com\/wp-content\/uploads\/2020\/02\/camino-sa-pujada.jpg\" alt=\" width=\" height=\"600\" \/><\/p>\n<p class=\"p1\" style=\"text-align: center;\"><span class=\"s1\">El camino de piedras gastadas que durante siglos comunic\u00f3 la parte alta de Formentera (la Mola), con la parte llana y el mar. \u00a0Comienza en el llano, cerca del embarcadero y casas de Es Cal\u00f3 hasta La Mola durante aproximadamente un kil\u00f3metro. Su trazado antiguo se alargaba hasta la zona conocida por Es Monestir, donde hubo, en el siglo XIII, un reducido convento de frailes agustinos. Durante el camino encontramos la cueva o Cova de sa M\u00e0 Peluda, adornada por una leyenda. Es un paseo que en verano puede resultar mas dif\u00edcil por el calor y la humedad pero en esta \u00e9poca es perfecto. Puedes hacerlo de subida o de bajada.\u00a0<\/span><\/p>\n<h3 class=\"p1\" style=\"text-align: center;\"><span class=\"s1\">7. Hacer una ruta enol\u00f3gica en Formentera<\/span><\/h3>\n<p class=\"p1\" style=\"text-align: center;\"><span class=\"s1\">Los vinos de Formentera tienen su indicaci\u00f3n geogr\u00e1fica protegida y merecen un alto en el camino. En la zona de La Mola pueden encontrarse bodegas abiertas al p\u00fablico que ofrecen la posibilidad de realizar catas y conocer todo el proceso de elaboraci\u00f3n de sus caldos. Tanto en La Mola como en el Cap de Barbaria puede acabarse la ruta enol\u00f3gica con unas vistas de excepci\u00f3n.<\/span><\/p>\n<h3 class=\"p1\" style=\"text-align: center;\"><span class=\"s1\"><span class=\"Apple-converted-space\">\u00a0 \u00a0 \u00a0 <\/span>8. Birdwatching en espacios protegidos de gran valor ambiental <\/span><\/h3>\n<p class=\"p1\"><img loading=\"lazy\" decoding=\"async\" class=\"aligncenter size-full wp-image-435\" src=\"https:\/\/cantresformentera.com\/wp-content\/uploads\/2020\/02\/flamencos.jpg\" alt=\"\" width=\"964\" height=\"600\" \/><\/p>\n<p class=\"p1\" style=\"text-align: center;\"><span style=\"font-size: inherit;\">Al norte de la isla, entre las poblaciones de La Savina y Es Pujols, se encuentra el Estany Pudent. Es el lugar id\u00f3neo para dar un paseo a pie o en bicicleta tanto por su valor paisaj\u00edstico como por su importancia para el avistamiento de numerosas aves. Un camino bordea gran parte del lago, el camino de Es Brolls. Durante el invierno es habitual observar flamencos, garzas y \u00e1nades por estas zonas. Las balsas de tonos rosados y violetas son un enorme atractivo tur\u00edstico, este espacio natural cuenta con un riqu\u00edsimo ecosistema en el que los milenarios estanques de sal transforman el paisaje en una postal. Muy cerca de este espacio se encuentra Ses Salines, Parque Natural, un espacio natural de especial inter\u00e9s que engloba h\u00e1bitats terrestres y marinos con valores ecol\u00f3gicos, paisaj\u00edsticos e hist\u00f3ricos<\/span><\/p>\n<p class=\"p1\" style=\"text-align: center;\"><span class=\"s1\">Estas son nuestras recomendaciones para pasar unos d\u00edas en Formentera en temporada baja, una isla diferente en Marzo y Abril que mucha gente se acaba enamorando <\/span><\/p>\n<h5><a href=\"https:\/\/cantresformentera.com\/es\/la-guia-de-formentera\/\">VOLVER AL BLOG<\/a><\/h5>\n","protected":false},"excerpt":{"rendered":"<p>Queremos descubrirte la isla de Formentera en marzo y abril. Formentera es un para\u00edso, y fuera de temporada a\u00fan lo es m\u00e1s! Poder ver la isla casi sin gente y en su estado puro es un privilegio. Queremos ense\u00f1arte diferentes planes para conocer la mejor parte de Formentera en Marzo y en Abril. Hay que [&hellip;]<\/p>\n","protected":false},"author":4,"featured_media":2534,"comment_status":"closed","ping_status":"open","sticky":true,"template":"","format":"standard","meta":{"_acf_changed":false,"footnotes":""},"categories":[56,12,54,55],"tags":[64,65],"class_list":["post-2479","post","type-post","status-publish","format-standard","has-post-thumbnail","hentry","category-planes-es","category-sin-categorizar","category-playas-es","category-gastronomia-es","tag-planes","tag-formentera"],"acf":[],"yoast_head":"<!-- This site is optimized with the Yoast SEO plugin v27.5 - https:\/\/yoast.com\/product\/yoast-seo-wordpress\/ -->\n<title>Formentera en Marzo y Abril. Te ense\u00f1amos los planes perfectos<\/title>\n<meta name=\"description\" content=\"Os presentamos un articulo de nuestra guia, planes en formentera en marzo y abril . Os presentamos los mejores planes en marzo y abril enm Formentera\" \/>\n<meta name=\"robots\" content=\"index, follow, max-snippet:-1, max-image-preview:large, max-video-preview:-1\" \/>\n<link rel=\"canonical\" href=\"https:\/\/cantresformentera.com\/es\/planes-en-marzo-y-abril-en-formentera\/\" \/>\n<meta property=\"og:locale\" content=\"es_ES\" \/>\n<meta property=\"og:type\" content=\"article\" \/>\n<meta property=\"og:title\" content=\"Formentera en Marzo y Abril. Te ense\u00f1amos los planes perfectos\" \/>\n<meta property=\"og:description\" content=\"Os presentamos un articulo de nuestra guia, planes en formentera en marzo y abril . Os presentamos los mejores planes en marzo y abril enm Formentera\" \/>\n<meta property=\"og:url\" content=\"https:\/\/cantresformentera.com\/es\/planes-en-marzo-y-abril-en-formentera\/\" \/>\n<meta property=\"og:site_name\" content=\"Can Tres\" \/>\n<meta property=\"article:published_time\" content=\"2020-09-09T18:15:44+00:00\" \/>\n<meta property=\"article:modified_time\" content=\"2020-09-10T11:03:03+00:00\" \/>\n<meta property=\"og:image\" content=\"https:\/\/cantresformentera.com\/wp-content\/uploads\/2020\/02\/flamencos-1.jpg\" \/>\n\t<meta property=\"og:image:width\" content=\"960\" \/>\n\t<meta property=\"og:image:height\" content=\"614\" \/>\n\t<meta property=\"og:image:type\" content=\"image\/jpeg\" \/>\n<meta name=\"author\" content=\"alvaro\" \/>\n<meta name=\"twitter:card\" content=\"summary_large_image\" \/>\n<meta name=\"twitter:label1\" content=\"Escrito por\" \/>\n\t<meta name=\"twitter:data1\" content=\"alvaro\" \/>\n\t<meta name=\"twitter:label2\" content=\"Tiempo de lectura\" \/>\n\t<meta name=\"twitter:data2\" content=\"4 minutos\" \/>\n<script type=\"application\/ld+json\" class=\"yoast-schema-graph\">{\"@context\":\"https:\\\/\\\/schema.org\",\"@graph\":[{\"@type\":\"Article\",\"@id\":\"https:\\\/\\\/cantresformentera.com\\\/es\\\/planes-en-marzo-y-abril-en-formentera\\\/#article\",\"isPartOf\":{\"@id\":\"https:\\\/\\\/cantresformentera.com\\\/es\\\/planes-en-marzo-y-abril-en-formentera\\\/\"},\"author\":{\"name\":\"alvaro\",\"@id\":\"https:\\\/\\\/cantresformentera.com\\\/#\\\/schema\\\/person\\\/0697449fa29ac7fafdd1c7d9a3882c68\"},\"headline\":\"Planes para Marzo y Abril en Formentera\",\"datePublished\":\"2020-09-09T18:15:44+00:00\",\"dateModified\":\"2020-09-10T11:03:03+00:00\",\"mainEntityOfPage\":{\"@id\":\"https:\\\/\\\/cantresformentera.com\\\/es\\\/planes-en-marzo-y-abril-en-formentera\\\/\"},\"wordCount\":738,\"publisher\":{\"@id\":\"https:\\\/\\\/cantresformentera.com\\\/#organization\"},\"image\":{\"@id\":\"https:\\\/\\\/cantresformentera.com\\\/es\\\/planes-en-marzo-y-abril-en-formentera\\\/#primaryimage\"},\"thumbnailUrl\":\"https:\\\/\\\/cantresformentera.com\\\/wp-content\\\/uploads\\\/2020\\\/02\\\/flamencos-1.jpg\",\"keywords\":[\"planes\",\"formentera\"],\"articleSection\":[\"Planes\",\"Sin categorizar\",\"Playas\",\"Gastronomia\"],\"inLanguage\":\"es\"},{\"@type\":\"WebPage\",\"@id\":\"https:\\\/\\\/cantresformentera.com\\\/es\\\/planes-en-marzo-y-abril-en-formentera\\\/\",\"url\":\"https:\\\/\\\/cantresformentera.com\\\/es\\\/planes-en-marzo-y-abril-en-formentera\\\/\",\"name\":\"Formentera en Marzo y Abril. Te ense\u00f1amos los planes perfectos\",\"isPartOf\":{\"@id\":\"https:\\\/\\\/cantresformentera.com\\\/#website\"},\"primaryImageOfPage\":{\"@id\":\"https:\\\/\\\/cantresformentera.com\\\/es\\\/planes-en-marzo-y-abril-en-formentera\\\/#primaryimage\"},\"image\":{\"@id\":\"https:\\\/\\\/cantresformentera.com\\\/es\\\/planes-en-marzo-y-abril-en-formentera\\\/#primaryimage\"},\"thumbnailUrl\":\"https:\\\/\\\/cantresformentera.com\\\/wp-content\\\/uploads\\\/2020\\\/02\\\/flamencos-1.jpg\",\"datePublished\":\"2020-09-09T18:15:44+00:00\",\"dateModified\":\"2020-09-10T11:03:03+00:00\",\"description\":\"Os presentamos un articulo de nuestra guia, planes en formentera en marzo y abril . Os presentamos los mejores planes en marzo y abril enm Formentera\",\"breadcrumb\":{\"@id\":\"https:\\\/\\\/cantresformentera.com\\\/es\\\/planes-en-marzo-y-abril-en-formentera\\\/#breadcrumb\"},\"inLanguage\":\"es\",\"potentialAction\":[{\"@type\":\"ReadAction\",\"target\":[\"https:\\\/\\\/cantresformentera.com\\\/es\\\/planes-en-marzo-y-abril-en-formentera\\\/\"]}]},{\"@type\":\"ImageObject\",\"inLanguage\":\"es\",\"@id\":\"https:\\\/\\\/cantresformentera.com\\\/es\\\/planes-en-marzo-y-abril-en-formentera\\\/#primaryimage\",\"url\":\"https:\\\/\\\/cantresformentera.com\\\/wp-content\\\/uploads\\\/2020\\\/02\\\/flamencos-1.jpg\",\"contentUrl\":\"https:\\\/\\\/cantresformentera.com\\\/wp-content\\\/uploads\\\/2020\\\/02\\\/flamencos-1.jpg\",\"width\":960,\"height\":614},{\"@type\":\"BreadcrumbList\",\"@id\":\"https:\\\/\\\/cantresformentera.com\\\/es\\\/planes-en-marzo-y-abril-en-formentera\\\/#breadcrumb\",\"itemListElement\":[{\"@type\":\"ListItem\",\"position\":1,\"name\":\"Home\",\"item\":\"https:\\\/\\\/cantresformentera.com\\\/es\\\/\"},{\"@type\":\"ListItem\",\"position\":2,\"name\":\"Planes para Marzo y Abril en Formentera\"}]},{\"@type\":\"WebSite\",\"@id\":\"https:\\\/\\\/cantresformentera.com\\\/#website\",\"url\":\"https:\\\/\\\/cantresformentera.com\\\/\",\"name\":\"Can Tres Formentera\",\"description\":\"Unique Formentera Experience\",\"publisher\":{\"@id\":\"https:\\\/\\\/cantresformentera.com\\\/#organization\"},\"alternateName\":\"Can Tres\",\"potentialAction\":[{\"@type\":\"SearchAction\",\"target\":{\"@type\":\"EntryPoint\",\"urlTemplate\":\"https:\\\/\\\/cantresformentera.com\\\/?s={search_term_string}\"},\"query-input\":{\"@type\":\"PropertyValueSpecification\",\"valueRequired\":true,\"valueName\":\"search_term_string\"}}],\"inLanguage\":\"es\"},{\"@type\":\"Organization\",\"@id\":\"https:\\\/\\\/cantresformentera.com\\\/#organization\",\"name\":\"Can Tres Formentera\",\"alternateName\":\"Can Tres\",\"url\":\"https:\\\/\\\/cantresformentera.com\\\/\",\"logo\":{\"@type\":\"ImageObject\",\"inLanguage\":\"es\",\"@id\":\"https:\\\/\\\/cantresformentera.com\\\/#\\\/schema\\\/logo\\\/image\\\/\",\"url\":\"https:\\\/\\\/cantresformentera.com\\\/wp-content\\\/uploads\\\/2018\\\/02\\\/cropped-favicon-1.png\",\"contentUrl\":\"https:\\\/\\\/cantresformentera.com\\\/wp-content\\\/uploads\\\/2018\\\/02\\\/cropped-favicon-1.png\",\"width\":512,\"height\":512,\"caption\":\"Can Tres Formentera\"},\"image\":{\"@id\":\"https:\\\/\\\/cantresformentera.com\\\/#\\\/schema\\\/logo\\\/image\\\/\"}},{\"@type\":\"Person\",\"@id\":\"https:\\\/\\\/cantresformentera.com\\\/#\\\/schema\\\/person\\\/0697449fa29ac7fafdd1c7d9a3882c68\",\"name\":\"alvaro\",\"image\":{\"@type\":\"ImageObject\",\"inLanguage\":\"es\",\"@id\":\"https:\\\/\\\/cantresformentera.com\\\/wp-content\\\/uploads\\\/2017\\\/12\\\/favicon-150x150.png\",\"url\":\"https:\\\/\\\/cantresformentera.com\\\/wp-content\\\/uploads\\\/2017\\\/12\\\/favicon-150x150.png\",\"contentUrl\":\"https:\\\/\\\/cantresformentera.com\\\/wp-content\\\/uploads\\\/2017\\\/12\\\/favicon-150x150.png\",\"caption\":\"alvaro\"}}]}<\/script>\n<!-- \/ Yoast SEO plugin. -->","yoast_head_json":{"title":"Formentera en Marzo y Abril. Te ense\u00f1amos los planes perfectos","description":"Os presentamos un articulo de nuestra guia, planes en formentera en marzo y abril . Os presentamos los mejores planes en marzo y abril enm Formentera","robots":{"index":"index","follow":"follow","max-snippet":"max-snippet:-1","max-image-preview":"max-image-preview:large","max-video-preview":"max-video-preview:-1"},"canonical":"https:\/\/cantresformentera.com\/es\/planes-en-marzo-y-abril-en-formentera\/","og_locale":"es_ES","og_type":"article","og_title":"Formentera en Marzo y Abril. Te ense\u00f1amos los planes perfectos","og_description":"Os presentamos un articulo de nuestra guia, planes en formentera en marzo y abril . Os presentamos los mejores planes en marzo y abril enm Formentera","og_url":"https:\/\/cantresformentera.com\/es\/planes-en-marzo-y-abril-en-formentera\/","og_site_name":"Can Tres","article_published_time":"2020-09-09T18:15:44+00:00","article_modified_time":"2020-09-10T11:03:03+00:00","og_image":[{"width":960,"height":614,"url":"https:\/\/cantresformentera.com\/wp-content\/uploads\/2020\/02\/flamencos-1.jpg","type":"image\/jpeg"}],"author":"alvaro","twitter_card":"summary_large_image","twitter_misc":{"Escrito por":"alvaro","Tiempo de lectura":"4 minutos"},"schema":{"@context":"https:\/\/schema.org","@graph":[{"@type":"Article","@id":"https:\/\/cantresformentera.com\/es\/planes-en-marzo-y-abril-en-formentera\/#article","isPartOf":{"@id":"https:\/\/cantresformentera.com\/es\/planes-en-marzo-y-abril-en-formentera\/"},"author":{"name":"alvaro","@id":"https:\/\/cantresformentera.com\/#\/schema\/person\/0697449fa29ac7fafdd1c7d9a3882c68"},"headline":"Planes para Marzo y Abril en Formentera","datePublished":"2020-09-09T18:15:44+00:00","dateModified":"2020-09-10T11:03:03+00:00","mainEntityOfPage":{"@id":"https:\/\/cantresformentera.com\/es\/planes-en-marzo-y-abril-en-formentera\/"},"wordCount":738,"publisher":{"@id":"https:\/\/cantresformentera.com\/#organization"},"image":{"@id":"https:\/\/cantresformentera.com\/es\/planes-en-marzo-y-abril-en-formentera\/#primaryimage"},"thumbnailUrl":"https:\/\/cantresformentera.com\/wp-content\/uploads\/2020\/02\/flamencos-1.jpg","keywords":["planes","formentera"],"articleSection":["Planes","Sin categorizar","Playas","Gastronomia"],"inLanguage":"es"},{"@type":"WebPage","@id":"https:\/\/cantresformentera.com\/es\/planes-en-marzo-y-abril-en-formentera\/","url":"https:\/\/cantresformentera.com\/es\/planes-en-marzo-y-abril-en-formentera\/","name":"Formentera en Marzo y Abril. Te ense\u00f1amos los planes perfectos","isPartOf":{"@id":"https:\/\/cantresformentera.com\/#website"},"primaryImageOfPage":{"@id":"https:\/\/cantresformentera.com\/es\/planes-en-marzo-y-abril-en-formentera\/#primaryimage"},"image":{"@id":"https:\/\/cantresformentera.com\/es\/planes-en-marzo-y-abril-en-formentera\/#primaryimage"},"thumbnailUrl":"https:\/\/cantresformentera.com\/wp-content\/uploads\/2020\/02\/flamencos-1.jpg","datePublished":"2020-09-09T18:15:44+00:00","dateModified":"2020-09-10T11:03:03+00:00","description":"Os presentamos un articulo de nuestra guia, planes en formentera en marzo y abril . Os presentamos los mejores planes en marzo y abril enm Formentera","breadcrumb":{"@id":"https:\/\/cantresformentera.com\/es\/planes-en-marzo-y-abril-en-formentera\/#breadcrumb"},"inLanguage":"es","potentialAction":[{"@type":"ReadAction","target":["https:\/\/cantresformentera.com\/es\/planes-en-marzo-y-abril-en-formentera\/"]}]},{"@type":"ImageObject","inLanguage":"es","@id":"https:\/\/cantresformentera.com\/es\/planes-en-marzo-y-abril-en-formentera\/#primaryimage","url":"https:\/\/cantresformentera.com\/wp-content\/uploads\/2020\/02\/flamencos-1.jpg","contentUrl":"https:\/\/cantresformentera.com\/wp-content\/uploads\/2020\/02\/flamencos-1.jpg","width":960,"height":614},{"@type":"BreadcrumbList","@id":"https:\/\/cantresformentera.com\/es\/planes-en-marzo-y-abril-en-formentera\/#breadcrumb","itemListElement":[{"@type":"ListItem","position":1,"name":"Home","item":"https:\/\/cantresformentera.com\/es\/"},{"@type":"ListItem","position":2,"name":"Planes para Marzo y Abril en Formentera"}]},{"@type":"WebSite","@id":"https:\/\/cantresformentera.com\/#website","url":"https:\/\/cantresformentera.com\/","name":"Can Tres Formentera","description":"Unique Formentera Experience","publisher":{"@id":"https:\/\/cantresformentera.com\/#organization"},"alternateName":"Can Tres","potentialAction":[{"@type":"SearchAction","target":{"@type":"EntryPoint","urlTemplate":"https:\/\/cantresformentera.com\/?s={search_term_string}"},"query-input":{"@type":"PropertyValueSpecification","valueRequired":true,"valueName":"search_term_string"}}],"inLanguage":"es"},{"@type":"Organization","@id":"https:\/\/cantresformentera.com\/#organization","name":"Can Tres Formentera","alternateName":"Can Tres","url":"https:\/\/cantresformentera.com\/","logo":{"@type":"ImageObject","inLanguage":"es","@id":"https:\/\/cantresformentera.com\/#\/schema\/logo\/image\/","url":"https:\/\/cantresformentera.com\/wp-content\/uploads\/2018\/02\/cropped-favicon-1.png","contentUrl":"https:\/\/cantresformentera.com\/wp-content\/uploads\/2018\/02\/cropped-favicon-1.png","width":512,"height":512,"caption":"Can Tres Formentera"},"image":{"@id":"https:\/\/cantresformentera.com\/#\/schema\/logo\/image\/"}},{"@type":"Person","@id":"https:\/\/cantresformentera.com\/#\/schema\/person\/0697449fa29ac7fafdd1c7d9a3882c68","name":"alvaro","image":{"@type":"ImageObject","inLanguage":"es","@id":"https:\/\/cantresformentera.com\/wp-content\/uploads\/2017\/12\/favicon-150x150.png","url":"https:\/\/cantresformentera.com\/wp-content\/uploads\/2017\/12\/favicon-150x150.png","contentUrl":"https:\/\/cantresformentera.com\/wp-content\/uploads\/2017\/12\/favicon-150x150.png","caption":"alvaro"}}]}},"_links":{"self":[{"href":"https:\/\/cantresformentera.com\/es\/wp-json\/wp\/v2\/posts\/2479","targetHints":{"allow":["GET"]}}],"collection":[{"href":"https:\/\/cantresformentera.com\/es\/wp-json\/wp\/v2\/posts"}],"about":[{"href":"https:\/\/cantresformentera.com\/es\/wp-json\/wp\/v2\/types\/post"}],"author":[{"embeddable":true,"href":"https:\/\/cantresformentera.com\/es\/wp-json\/wp\/v2\/users\/4"}],"replies":[{"embeddable":true,"href":"https:\/\/cantresformentera.com\/es\/wp-json\/wp\/v2\/comments?post=2479"}],"version-history":[{"count":42,"href":"https:\/\/cantresformentera.com\/es\/wp-json\/wp\/v2\/posts\/2479\/revisions"}],"predecessor-version":[{"id":2570,"href":"https:\/\/cantresformentera.com\/es\/wp-json\/wp\/v2\/posts\/2479\/revisions\/2570"}],"wp:featuredmedia":[{"embeddable":true,"href":"https:\/\/cantresformentera.com\/es\/wp-json\/wp\/v2\/media\/2534"}],"wp:attachment":[{"href":"https:\/\/cantresformentera.com\/es\/wp-json\/wp\/v2\/media?parent=2479"}],"wp:term":[{"taxonomy":"category","embeddable":true,"href":"https:\/\/cantresformentera.com\/es\/wp-json\/wp\/v2\/categories?post=2479"},{"taxonomy":"post_tag","embeddable":true,"href":"https:\/\/cantresformentera.com\/es\/wp-json\/wp\/v2\/tags?post=2479"}],"curies":[{"name":"wp","href":"https:\/\/api.w.org\/{rel}","templated":true}]}}